{"id":5075,"date":"2024-07-30T13:42:07","date_gmt":"2024-07-30T11:42:07","guid":{"rendered":"http:\/\/untendanses.com\/?p=5075"},"modified":"2024-08-09T11:24:17","modified_gmt":"2024-08-09T09:24:17","slug":"elementor-5075","status":"publish","type":"post","link":"https:\/\/untendanses.com\/index.php\/2024\/07\/30\/elementor-5075\/","title":{"rendered":"Stage de danses Afro-diasporiques"},"content":{"rendered":"\t\t<div data-elementor-type=\"wp-post\" data-elementor-id=\"5075\" class=\"elementor elementor-5075\">\n\t\t\t\t\t\t<section class=\"elementor-section elementor-top-section elementor-element elementor-element-74b706b elementor-section-boxed elementor-section-height-default elementor-section-height-default\" data-id=\"74b706b\" data-element_type=\"section\">\n\t\t\t\t\t\t<div class=\"elementor-container elementor-column-gap-default\">\n\t\t\t\t\t<div class=\"elementor-column elementor-col-100 elementor-top-column elementor-element elementor-element-525fc69\" data-id=\"525fc69\" data-element_type=\"column\">\n\t\t\t<div class=\"elementor-widget-wrap elementor-element-populated\">\n\t\t\t\t\t\t<div class=\"elementor-element elementor-element-3a72ac9 elementor-widget elementor-widget-heading\" data-id=\"3a72ac9\" data-element_type=\"widget\" data-widget_type=\"heading.default\">\n\t\t\t\t<div class=\"elementor-widget-container\">\n\t\t\t\t\t<h3 class=\"elementor-heading-title elementor-size-default\">Stage de danse estivale!<\/h3>\t\t\t\t<\/div>\n\t\t\t\t<\/div>\n\t\t\t\t<div class=\"elementor-element elementor-element-ec926e5 elementor-widget elementor-widget-text-editor\" data-id=\"ec926e5\" data-element_type=\"widget\" data-widget_type=\"text-editor.default\">\n\t\t\t\t<div class=\"elementor-widget-container\">\n\t\t\t\t\t\t\t\t\t<p>Inspir\u00e9 par l&rsquo;\u00e9nergie joyeuse de l&rsquo;\u00e9t\u00e9 !<\/p><p>Nous vous proposons de c\u00e9l\u00e9brer cette saison de chaleur et de vitalit\u00e9 \u00e0 travers des mouvements qui \u00e9veillent l&rsquo;esprit et le corps.<\/p>\t\t\t\t\t\t\t\t<\/div>\n\t\t\t\t<\/div>\n\t\t\t\t<div class=\"elementor-element elementor-element-b2a466f elementor-widget elementor-widget-image\" data-id=\"b2a466f\" data-element_type=\"widget\" data-widget_type=\"image.default\">\n\t\t\t\t<div class=\"elementor-widget-container\">\n\t\t\t\t\t\t\t\t\t\t\t\t\t\t\t<img fetchpriority=\"high\" decoding=\"async\" width=\"724\" height=\"1024\" src=\"https:\/\/untendanses.com\/wp-content\/uploads\/2024\/07\/Flyer-STAGE-DANSE-AFRO-DIASPO-AOUT-24-BORDEAUX-724x1024.jpg\" class=\"attachment-large size-large wp-image-5074\" alt=\"\" srcset=\"https:\/\/untendanses.com\/wp-content\/uploads\/2024\/07\/Flyer-STAGE-DANSE-AFRO-DIASPO-AOUT-24-BORDEAUX-724x1024.jpg 724w, https:\/\/untendanses.com\/wp-content\/uploads\/2024\/07\/Flyer-STAGE-DANSE-AFRO-DIASPO-AOUT-24-BORDEAUX-212x300.jpg 212w, https:\/\/untendanses.com\/wp-content\/uploads\/2024\/07\/Flyer-STAGE-DANSE-AFRO-DIASPO-AOUT-24-BORDEAUX-768x1086.jpg 768w, https:\/\/untendanses.com\/wp-content\/uploads\/2024\/07\/Flyer-STAGE-DANSE-AFRO-DIASPO-AOUT-24-BORDEAUX-543x768.jpg 543w, https:\/\/untendanses.com\/wp-content\/uploads\/2024\/07\/Flyer-STAGE-DANSE-AFRO-DIASPO-AOUT-24-BORDEAUX-1086x1536.jpg 1086w, https:\/\/untendanses.com\/wp-content\/uploads\/2024\/07\/Flyer-STAGE-DANSE-AFRO-DIASPO-AOUT-24-BORDEAUX.jpg 1414w\" sizes=\"(max-width: 724px) 100vw, 724px\" \/>\t\t\t\t\t\t\t\t\t\t\t\t\t\t\t<\/div>\n\t\t\t\t<\/div>\n\t\t\t\t\t<\/div>\n\t\t<\/div>\n\t\t\t\t\t<\/div>\n\t\t<\/section>\n\t\t\t\t<section class=\"elementor-section elementor-top-section elementor-element elementor-element-3f3a3d4 elementor-section-boxed elementor-section-height-default elementor-section-height-default\" data-id=\"3f3a3d4\" data-element_type=\"section\">\n\t\t\t\t\t\t<div class=\"elementor-container elementor-column-gap-default\">\n\t\t\t\t\t<div class=\"elementor-column elementor-col-100 elementor-top-column elementor-element elementor-element-41b7489\" data-id=\"41b7489\" data-element_type=\"column\">\n\t\t\t<div class=\"elementor-widget-wrap elementor-element-populated\">\n\t\t\t\t\t\t<div class=\"elementor-element elementor-element-23407b8 elementor-widget elementor-widget-text-editor\" data-id=\"23407b8\" data-element_type=\"widget\" data-widget_type=\"text-editor.default\">\n\t\t\t\t<div class=\"elementor-widget-container\">\n\t\t\t\t\t\t\t\t\t<div dir=\"auto\" style=\"border: 0px; font-size: 15px; line-height: inherit; font-family: -apple-system, HelveticaNeue, serif, EmojiFont; margin: 0px; padding: 0px; vertical-align: baseline; color: #242424;\"><span style=\"color: #000000;\">Vous \u00eates passionn\u00e9(e) de danse et souhaitez d\u00e9couvrir ou approfondir des danses riches en histoire et en \u00e9motion ? Ne manquez pas notre prochain stage de danse qui mettra \u00e0 l&rsquo;honneur\u00a0<\/span><b><span style=\"color: #000000;\">les danses afro-diasporiques<\/span><span style=\"color: #9900ff;\">.\u00a0<\/span><\/b><\/div><div dir=\"auto\" style=\"border: 0px; font-style: inherit; font-size: inherit; line-height: inherit; font-family: -apple-system, HelveticaNeue, serif, EmojiFont; margin: 0px; padding: 0px; vertical-align: baseline; color: #000000;\">\u00a0<\/div><div dir=\"auto\" style=\"border: 0px; font-style: inherit; font-size: inherit; line-height: inherit; font-family: -apple-system, HelveticaNeue, serif, EmojiFont; margin: 0px; padding: 0px; vertical-align: baseline; color: #000000;\">\u00a0<\/div><div dir=\"auto\" style=\"border: 0px; font-style: inherit; font-size: inherit; line-height: inherit; font-family: -apple-system, HelveticaNeue, serif, EmojiFont; margin: 0px; padding: 0px; vertical-align: baseline; color: #000000;\">\ud83d\udcc5 Date : Samedi 17 ao\u00fbt 2024<\/div><div dir=\"auto\" style=\"border: 0px; font-style: inherit; font-size: inherit; line-height: inherit; font-family: -apple-system, HelveticaNeue, serif, EmojiFont; margin: 0px; padding: 0px; vertical-align: baseline; color: #000000;\">\u00a0<\/div><div dir=\"auto\" style=\"border: 0px; font-style: inherit; font-size: inherit; line-height: inherit; font-family: -apple-system, HelveticaNeue, serif, EmojiFont; margin: 0px; padding: 0px; vertical-align: baseline; color: #000000;\">\u23f0\u00a0Horaires :09h30 &#8211; 12h30 \/ 14h30 &#8211; 17h30<\/div><div dir=\"auto\" style=\"border: 0px; font-style: inherit; font-size: inherit; line-height: inherit; font-family: -apple-system, HelveticaNeue, serif, EmojiFont; margin: 0px; padding: 0px; vertical-align: baseline; color: #000000;\">\u00a0<\/div><div dir=\"auto\" style=\"border: 0px; font-style: inherit; font-size: inherit; line-height: inherit; font-family: -apple-system, HelveticaNeue, serif, EmojiFont; margin: 0px; padding: 0px; vertical-align: baseline; color: #000000;\">\ud83d\udccd\u00a0Lieu :\u00a0<a style=\"border: 0px; font-style: inherit; font-size: inherit; line-height: inherit; font-family: inherit; margin: 0px; padding: 0px; vertical-align: baseline; color: #0078d4;\" href=\"https:\/\/www.google.com\/maps\/search\/21+quai+de+Bacalan,+Bordeaux?entry=gmail&amp;source=g\" target=\"_blank\" rel=\"noopener noreferrer\" data-auth=\"NotApplicable\" data-linkindex=\"0\">21 quai de Bacalan, Bordeaux<\/a><\/div><div dir=\"auto\" style=\"border: 0px; font-style: inherit; font-size: inherit; line-height: inherit; font-family: -apple-system, HelveticaNeue, serif, EmojiFont; margin: 0px; padding: 0px; vertical-align: baseline; color: #000000;\">\u00a0<\/div><div dir=\"auto\" style=\"border: 0px; font-style: inherit; font-size: inherit; line-height: inherit; font-family: -apple-system, HelveticaNeue, serif, EmojiFont; margin: 0px; padding: 0px; vertical-align: baseline; color: #000000;\">Avec Sylvette Annibal et\u00a0Aur\u00e9lie Mausole, deux artistes r\u00e9unionnaises.<\/div><div dir=\"auto\" style=\"border: 0px; font-style: inherit; font-size: inherit; line-height: inherit; font-family: -apple-system, HelveticaNeue, serif, EmojiFont; margin: 0px; padding: 0px; vertical-align: baseline; color: #000000;\">\u00a0<\/div><div style=\"border: 0px; font-size: 15px; line-height: inherit; font-family: -apple-system, HelveticaNeue, serif, EmojiFont; margin: 0px; padding: 0px; vertical-align: baseline; color: #000000;\"><b>Lilie\u00a0<\/b>avec son projet Lilie Danse Le Monde vous invite\u00a0<b>\u00e0 voyager avec elle \u00e0 la R\u00e9union;\u00a0<\/b>dont elle est originaire, en vous proposant\u00a0<b>une initiation au Maloya,\u00a0<\/b>mais \u00e9galement au Br\u00e9sil, en vous proposant<b>\u00a0une immersion dans l&rsquo;\u00c9tat du Par\u00e1 avec le Carimb\u00f3.\u00a0<\/b><span style=\"border: 0px; font-style: inherit; font-size: inherit; line-height: inherit; font-family: Arial, Helvetica, sans-serif, serif, EmojiFont; margin: 0px; padding: 0px; vertical-align: baseline; color: #222222;\"><a style=\"border: 0px; font-style: inherit; font-size: inherit; line-height: inherit; font-family: inherit; margin: 0px; padding: 0px; vertical-align: baseline;\" href=\"https:\/\/www.instagram.com\/liliedanselemonde\/\" target=\"_blank\" rel=\"noopener noreferrer\" data-auth=\"NotApplicable\" data-linkindex=\"1\">https:\/\/www.instagram.com\/liliedanselemonde\/<\/a><\/span><\/div><div dir=\"auto\" style=\"border: 0px; font-style: inherit; font-size: inherit; line-height: inherit; font-family: -apple-system, HelveticaNeue, serif, EmojiFont; margin: 0px; padding: 0px; vertical-align: baseline; color: #000000;\">\u00a0<\/div><div dir=\"auto\" style=\"border: 0px; font-style: inherit; font-size: inherit; line-height: inherit; font-family: -apple-system, HelveticaNeue, serif, EmojiFont; margin: 0px; padding: 0px; vertical-align: baseline; color: #000000;\"><strong>Sylvette<\/strong> vous fera d\u00e9couvrir sa danse afro-contemporaine dont la base est le Maloya. Elle vous guidera au mouvement d&rsquo;improvisation \u00e0 travers l<b>es danses afro-diasporiques de l&rsquo;oc\u00e9an Indien, pratique qu&rsquo;elle a nomm\u00e9e\u00a0FonnKor<\/b>. Sylvette a cr\u00e9\u00e9 le concept de<b>\u00a0l&rsquo;Artisaneuse, celle qui prend soin, r\u00e9pare et\u00a0<i>lyanne<\/i>.\u00a0<\/b><\/div><div dir=\"auto\" style=\"border: 0px; font-style: inherit; font-size: inherit; line-height: inherit; font-family: -apple-system, HelveticaNeue, serif, EmojiFont; margin: 0px; padding: 0px; vertical-align: baseline; color: #000000;\"><span style=\"border: 0px; font-style: inherit; font-size: inherit; line-height: inherit; font-family: Arial, Helvetica, sans-serif, serif, EmojiFont; margin: 0px; padding: 0px; vertical-align: baseline; color: #500050;\"><a style=\"border: 0px; font-style: inherit; font-size: inherit; line-height: inherit; font-family: inherit; margin: 0px; padding: 0px; vertical-align: baseline;\" href=\"https:\/\/www.instagram.com\/sylvetteannibal\/\" target=\"_blank\" rel=\"noopener noreferrer\" data-auth=\"NotApplicable\" data-linkindex=\"2\">https:\/\/www.instagram.com\/sylvetteannibal\/<\/a><\/span><\/div><div dir=\"auto\" style=\"border: 0px; font-style: inherit; font-size: inherit; line-height: inherit; font-family: -apple-system, HelveticaNeue, serif, EmojiFont; margin: 0px; padding: 0px; vertical-align: baseline; color: #000000;\"><a style=\"border: 0px; font-style: inherit; font-size: inherit; line-height: inherit; font-family: inherit; margin: 0px; padding: 0px; vertical-align: baseline;\" href=\"https:\/\/www.instagram.com\/les_artisaneuses_\/\" target=\"_blank\" rel=\"noopener noreferrer\" data-auth=\"NotApplicable\" data-linkindex=\"3\">https:\/\/www.instagram.com\/les_artisaneuses_\/<\/a><span style=\"border: 0px; font-style: inherit; font-size: inherit; line-height: inherit; font-family: Arial, Helvetica, sans-serif, serif, EmojiFont; margin: 0px; padding: 0px; vertical-align: baseline; color: #500050;\"><br \/><\/span><\/div><div dir=\"auto\" style=\"border: 0px; font-style: inherit; font-size: inherit; line-height: inherit; font-family: -apple-system, HelveticaNeue, serif, EmojiFont; margin: 0px; padding: 0px; vertical-align: baseline; color: #000000;\">\u00a0<\/div><div dir=\"auto\" style=\"border: 0px; font-style: inherit; font-size: inherit; line-height: inherit; font-family: -apple-system, HelveticaNeue, serif, EmojiFont; margin: 0px; padding: 0px; vertical-align: baseline; color: #000000;\">\u00c0 travers ce stage, elles vous feront d\u00e9couvrir l&rsquo;authenticit\u00e9 et la richesse culturelle de ces danses, en mettant l&rsquo;accent sur l&rsquo;expression corporelle et l&rsquo;histoire qui les accompagne.<\/div><div dir=\"auto\" style=\"border: 0px; font-style: inherit; font-size: inherit; line-height: inherit; font-family: -apple-system, HelveticaNeue, serif, EmojiFont; margin: 0px; padding: 0px; vertical-align: baseline; color: #000000;\">\u00a0<\/div><div dir=\"auto\" style=\"border: 0px; font-style: inherit; font-size: inherit; line-height: inherit; font-family: -apple-system, HelveticaNeue, serif, EmojiFont; margin: 0px; padding: 0px; vertical-align: baseline; color: #000000;\">Au programme\u00a0<\/div><div dir=\"auto\" style=\"border: 0px; font-style: inherit; font-size: inherit; line-height: inherit; font-family: -apple-system, HelveticaNeue, serif, EmojiFont; margin: 0px; padding: 0px; vertical-align: baseline; color: #000000;\">&#8211; Introduction et initiation au Maloya et au Carimb\u00f3\u00a0<\/div><div dir=\"auto\" style=\"border: 0px; font-style: inherit; font-size: inherit; line-height: inherit; font-family: -apple-system, HelveticaNeue, serif, EmojiFont; margin: 0px; padding: 0px; vertical-align: baseline; color: #000000;\">&#8211; Exploration des mouvements afro-diasporiques<\/div><div dir=\"auto\" style=\"border: 0px; font-style: inherit; font-size: inherit; line-height: inherit; font-family: -apple-system, HelveticaNeue, serif, EmojiFont; margin: 0px; padding: 0px; vertical-align: baseline; color: #000000;\">&#8211; Techniques et improvisation<\/div><div dir=\"auto\" style=\"border: 0px; font-style: inherit; font-size: inherit; line-height: inherit; font-family: -apple-system, HelveticaNeue, serif, EmojiFont; margin: 0px; padding: 0px; vertical-align: baseline; color: #000000;\">&#8211; Travail sur le rythme et l&rsquo;expression<\/div><div dir=\"auto\" style=\"border: 0px; font-style: inherit; font-weight: inherit; font-size: inherit; line-height: inherit; font-family: -apple-system, HelveticaNeue, serif, EmojiFont; margin: 0px; padding: 0px; vertical-align: baseline; color: #000000;\">&#8211; Partage culturel et \u00e9change<\/div><div dir=\"auto\" style=\"border: 0px; font-style: inherit; font-weight: inherit; font-size: inherit; line-height: inherit; font-family: -apple-system, HelveticaNeue, serif, EmojiFont; margin: 0px; padding: 0px; vertical-align: baseline; color: #000000;\">\u00a0<\/div><div dir=\"auto\" style=\"border: 0px; font-style: inherit; font-weight: inherit; font-size: inherit; line-height: inherit; font-family: -apple-system, HelveticaNeue, serif, EmojiFont; margin: 0px; padding: 0px; vertical-align: baseline; color: #000000;\"><div dir=\"auto\" style=\"border: 0px; font-style: inherit; font-size: inherit; line-height: inherit; font-family: -apple-system, HelveticaNeue, serif, EmojiFont; margin: 0px; padding: 0px; vertical-align: baseline; color: #000000;\"><strong>Tarifs<\/strong>: 35\u20ac la demie journ\u00e9e \/ 60 la journ\u00e9e compl\u00e8te<\/div><div dir=\"auto\" style=\"border: 0px; font-style: inherit; font-size: inherit; line-height: inherit; font-family: -apple-system, HelveticaNeue, serif, EmojiFont; margin: 0px; padding: 0px; vertical-align: baseline; color: #000000;\"><strong>Tarifs<\/strong> adh\u00e9rents: 30\u20ac la demie journ\u00e9e \/ 55 la journ\u00e9e compl\u00e8te<\/div><div dir=\"auto\"><strong>Tarif r\u00e9duit <\/strong>20\u20ac (RSA, \u00e9tudiants, ch\u00f4mage)<\/div><div dir=\"auto\" style=\"border: 0px; font-style: inherit; font-size: inherit; line-height: inherit; font-family: -apple-system, HelveticaNeue, serif, EmojiFont; margin: 0px; padding: 0px; vertical-align: baseline; color: #000000;\"><strong>Adh\u00e9sion<\/strong> \u00e0 l&rsquo;association Untendanses 10\u20ac<\/div><\/div><div dir=\"auto\" style=\"border: 0px; font-style: inherit; font-weight: inherit; font-size: inherit; line-height: inherit; font-family: -apple-system, HelveticaNeue, serif, EmojiFont; margin: 0px; padding: 0px; vertical-align: baseline; color: #000000;\"><strong>R\u00e9servations<\/strong><\/div><div dir=\"auto\" style=\"border: 0px; font-style: inherit; font-weight: inherit; font-size: inherit; line-height: inherit; font-family: -apple-system, HelveticaNeue, serif, EmojiFont; margin: 0px; padding: 0px; vertical-align: baseline; color: #000000;\">contact@untendanses.com<\/div><div dir=\"auto\" style=\"border: 0px; font-style: inherit; font-weight: inherit; font-size: inherit; line-height: inherit; font-family: -apple-system, HelveticaNeue, serif, EmojiFont; margin: 0px; padding: 0px; vertical-align: baseline; color: #000000;\">0614110819<\/div>\t\t\t\t\t\t\t\t<\/div>\n\t\t\t\t<\/div>\n\t\t\t\t\t<\/div>\n\t\t<\/div>\n\t\t\t\t\t<\/div>\n\t\t<\/section>\n\t\t\t\t<\/div>\n\t\t","protected":false},"excerpt":{"rendered":"<p>Stage de danse estivale! Inspir\u00e9 par l&rsquo;\u00e9nergie joyeuse de l&rsquo;\u00e9t\u00e9 ! Nous vous proposons de c\u00e9l\u00e9brer cette saison de chaleur et de vitalit\u00e9 \u00e0 travers des mouvements qui \u00e9veillent l&rsquo;esprit et le corps. Vous \u00eates passionn\u00e9(e) de danse et souhaitez d\u00e9couvrir ou approfondir des danses riches en histoire et en \u00e9motion ? Ne manquez pas [&hellip;]<\/p>\n","protected":false},"author":1,"featured_media":0,"comment_status":"closed","ping_status":"closed","sticky":false,"template":"","format":"standard","meta":{"footnotes":""},"categories":[52],"tags":[],"class_list":["post-5075","post","type-post","status-publish","format-standard","hentry","category-evenements"],"_links":{"self":[{"href":"https:\/\/untendanses.com\/index.php\/wp-json\/wp\/v2\/posts\/5075","targetHints":{"allow":["GET"]}}],"collection":[{"href":"https:\/\/untendanses.com\/index.php\/wp-json\/wp\/v2\/posts"}],"about":[{"href":"https:\/\/untendanses.com\/index.php\/wp-json\/wp\/v2\/types\/post"}],"author":[{"embeddable":true,"href":"https:\/\/untendanses.com\/index.php\/wp-json\/wp\/v2\/users\/1"}],"replies":[{"embeddable":true,"href":"https:\/\/untendanses.com\/index.php\/wp-json\/wp\/v2\/comments?post=5075"}],"version-history":[{"count":14,"href":"https:\/\/untendanses.com\/index.php\/wp-json\/wp\/v2\/posts\/5075\/revisions"}],"predecessor-version":[{"id":5107,"href":"https:\/\/untendanses.com\/index.php\/wp-json\/wp\/v2\/posts\/5075\/revisions\/5107"}],"wp:attachment":[{"href":"https:\/\/untendanses.com\/index.php\/wp-json\/wp\/v2\/media?parent=5075"}],"wp:term":[{"taxonomy":"category","embeddable":true,"href":"https:\/\/untendanses.com\/index.php\/wp-json\/wp\/v2\/categories?post=5075"},{"taxonomy":"post_tag","embeddable":true,"href":"https:\/\/untendanses.com\/index.php\/wp-json\/wp\/v2\/tags?post=5075"}],"curies":[{"name":"wp","href":"https:\/\/api.w.org\/{rel}","templated":true}]}}